{"id":6422,"date":"2025-12-02T10:00:58","date_gmt":"2025-12-02T15:00:58","guid":{"rendered":"https:\/\/lelib.ca\/?p=6422"},"modified":"2026-03-13T13:30:04","modified_gmt":"2026-03-13T17:30:04","slug":"a-look-back-in-images-at-the-holiday-table-event","status":"publish","type":"post","link":"https:\/\/lelib.ca\/en\/a-look-back-in-images-at-the-holiday-table-event\/","title":{"rendered":"A look back in images at The Holiday table event"},"content":{"rendered":"\t\t<div data-elementor-type=\"wp-post\" data-elementor-id=\"6422\" class=\"elementor elementor-6422 elementor-6421\" data-elementor-post-type=\"post\">\n\t\t\t\t<div class=\"elementor-element elementor-element-43763c2 e-flex e-con-boxed e-con e-parent\" data-id=\"43763c2\" data-element_type=\"container\" data-settings=\"{&quot;jet_parallax_layout_list&quot;:[]}\">\n\t\t\t\t\t<div class=\"e-con-inner\">\n\t\t\t\t<div class=\"elementor-element elementor-element-e2a66b9 elementor-widget elementor-widget-heading\" data-id=\"e2a66b9\" data-element_type=\"widget\" data-widget_type=\"heading.default\">\n\t\t\t\t<div class=\"elementor-widget-container\">\n\t\t\t\t\t<h2 class=\"elementor-heading-title elementor-size-default\">A resounding success for our creative workshops!<\/h2>\t\t\t\t<\/div>\n\t\t\t\t<\/div>\n\t\t\t\t\t<\/div>\n\t\t\t\t<\/div>\n\t\t<div class=\"elementor-element elementor-element-d50835a e-flex e-con-boxed e-con e-parent\" data-id=\"d50835a\" data-element_type=\"container\" data-settings=\"{&quot;jet_parallax_layout_list&quot;:[]}\">\n\t\t\t\t\t<div class=\"e-con-inner\">\n\t\t\t\t<div class=\"elementor-element elementor-element-01d6df4 elementor-widget elementor-widget-text-editor\" data-id=\"01d6df4\" data-element_type=\"widget\" data-widget_type=\"text-editor.default\">\n\t\t\t\t<div class=\"elementor-widget-container\">\n\t\t\t\t\t\t\t\t\t<div class=\"x14z9mp xat24cr x1lziwak x1vvkbs xtlvy1s x126k92a\"><div dir=\"auto\">The rental offices of Lib Hymus and Lib Mont-Saint-Hilaire came alive with the magic of the holiday spirit, thanks to R\u00e9gine Apollon, interior designer and owner of the Kam\u00e9l\u00e9on atelier boutique.<\/div><div dir=\"auto\">\u00a0<\/div><\/div><div class=\"x14z9mp xat24cr x1lziwak x1vvkbs xtlvy1s x126k92a\"><div dir=\"auto\">The video montage we\u2019re sharing comes from the Mont-Saint-Hilaire workshop, where creativity and enthusiasm were in full swing.<\/div><div dir=\"auto\">\u00a0<\/div><\/div><div class=\"x14z9mp xat24cr x1lziwak x1vvkbs xtlvy1s x126k92a\"><div dir=\"auto\">The holiday season is officially upon us \u2014 what a wonderful way to celebrate together.<\/div><\/div>\t\t\t\t\t\t\t\t<\/div>\n\t\t\t\t<\/div>\n\t\t<div class=\"elementor-element elementor-element-cb71daf e-flex e-con-boxed e-con e-child\" data-id=\"cb71daf\" data-element_type=\"container\" data-settings=\"{&quot;jet_parallax_layout_list&quot;:[]}\">\n\t\t\t\t\t<div class=\"e-con-inner\">\n\t\t\t\t<div class=\"elementor-element elementor-element-906c6b7 elementor-widget elementor-widget-video\" data-id=\"906c6b7\" data-element_type=\"widget\" data-settings=\"{&quot;youtube_url&quot;:&quot;https:\\\/\\\/youtu.be\\\/ag7DYc1znBU&quot;,&quot;show_image_overlay&quot;:&quot;yes&quot;,&quot;image_overlay&quot;:{&quot;url&quot;:&quot;https:\\\/\\\/lelib.ca\\\/wp-content\\\/uploads\\\/2025\\\/12\\\/TableeFetes-FbStatic-BI-2.jpg&quot;,&quot;id&quot;:6429,&quot;size&quot;:&quot;&quot;,&quot;alt&quot;:&quot;&quot;,&quot;source&quot;:&quot;library&quot;},&quot;lightbox&quot;:&quot;yes&quot;,&quot;video_type&quot;:&quot;youtube&quot;,&quot;controls&quot;:&quot;yes&quot;}\" data-widget_type=\"video.default\">\n\t\t\t\t<div class=\"elementor-widget-container\">\n\t\t\t\t\t\t\t<div class=\"elementor-wrapper elementor-open-lightbox\">\n\t\t\t\t\t\t\t<div class=\"elementor-custom-embed-image-overlay\" data-elementor-open-lightbox=\"yes\" data-elementor-lightbox=\"{&quot;type&quot;:&quot;video&quot;,&quot;videoType&quot;:&quot;youtube&quot;,&quot;url&quot;:&quot;https:\\\/\\\/www.youtube.com\\\/embed\\\/ag7DYc1znBU?feature=oembed&amp;start&amp;end&amp;wmode=opaque&amp;loop=0&amp;controls=1&amp;mute=0&amp;rel=0&amp;cc_load_policy=0&quot;,&quot;autoplay&quot;:&quot;&quot;,&quot;modalOptions&quot;:{&quot;id&quot;:&quot;elementor-lightbox-906c6b7&quot;,&quot;entranceAnimation&quot;:&quot;&quot;,&quot;entranceAnimation_tablet&quot;:&quot;&quot;,&quot;entranceAnimation_mobile&quot;:&quot;&quot;,&quot;videoAspectRatio&quot;:&quot;169&quot;}}\" data-e-action-hash=\"#elementor-action%3Aaction%3Dlightbox%26settings%3DeyJ0eXBlIjoidmlkZW8iLCJ2aWRlb1R5cGUiOiJ5b3V0dWJlIiwidXJsIjoiaHR0cHM6XC9cL3d3dy55b3V0dWJlLmNvbVwvZW1iZWRcL2FnN0RZYzF6bkJVP2ZlYXR1cmU9b2VtYmVkJnN0YXJ0JmVuZCZ3bW9kZT1vcGFxdWUmbG9vcD0wJmNvbnRyb2xzPTEmbXV0ZT0wJnJlbD0wJmNjX2xvYWRfcG9saWN5PTAiLCJhdXRvcGxheSI6IiIsIm1vZGFsT3B0aW9ucyI6eyJpZCI6ImVsZW1lbnRvci1saWdodGJveC05MDZjNmI3IiwiZW50cmFuY2VBbmltYXRpb24iOiIiLCJlbnRyYW5jZUFuaW1hdGlvbl90YWJsZXQiOiIiLCJlbnRyYW5jZUFuaW1hdGlvbl9tb2JpbGUiOiIiLCJ2aWRlb0FzcGVjdFJhdGlvIjoiMTY5In19\">\n\t\t\t\t\t\t\t\t\t\t\t<img fetchpriority=\"high\" decoding=\"async\" width=\"800\" height=\"419\" src=\"https:\/\/lelib.ca\/wp-content\/uploads\/2025\/12\/TableeFetes-FbStatic-BI-2.jpg\" class=\"attachment-full size-full wp-image-6429\" alt=\"\" srcset=\"https:\/\/lelib.ca\/wp-content\/uploads\/2025\/12\/TableeFetes-FbStatic-BI-2.jpg 800w, https:\/\/lelib.ca\/wp-content\/uploads\/2025\/12\/TableeFetes-FbStatic-BI-2-300x157.jpg 300w, https:\/\/lelib.ca\/wp-content\/uploads\/2025\/12\/TableeFetes-FbStatic-BI-2-768x402.jpg 768w\" sizes=\"(max-width: 800px) 100vw, 800px\" \/>\t\t\t\t\t\t\t\t\t\t\t\t\t\t\t\t<div class=\"elementor-custom-embed-play\" role=\"button\" aria-label=\"Play Video\" tabindex=\"0\">\n\t\t\t\t\t\t\t<i aria-hidden=\"true\" class=\"eicon-play\"><\/i>\t\t\t\t\t\t<\/div>\n\t\t\t\t\t\t\t\t\t<\/div>\n\t\t\t\t\t<\/div>\n\t\t\t\t\t\t<\/div>\n\t\t\t\t<\/div>\n\t\t\t\t\t<\/div>\n\t\t\t\t<\/div>\n\t\t\t\t<div class=\"elementor-element elementor-element-584f808 elementor-widget elementor-widget-heading\" data-id=\"584f808\" data-element_type=\"widget\" data-widget_type=\"heading.default\">\n\t\t\t\t<div class=\"elementor-widget-container\">\n\t\t\t\t\t<h2 class=\"elementor-heading-title elementor-size-default\">Couldn't make it this time?<\/h2>\t\t\t\t<\/div>\n\t\t\t\t<\/div>\n\t\t\t\t<div class=\"elementor-element elementor-element-ed98950 elementor-widget elementor-widget-text-editor\" data-id=\"ed98950\" data-element_type=\"widget\" data-widget_type=\"text-editor.default\">\n\t\t\t\t<div class=\"elementor-widget-container\">\n\t\t\t\t\t\t\t\t\t<p>No worries\u2014more Lib events are coming soon! To stay in the loop and get notified about upcoming events and new releases, subscribe to our newsletter.<\/p>\t\t\t\t\t\t\t\t<\/div>\n\t\t\t\t<\/div>\n\t\t\t\t<div class=\"elementor-element elementor-element-51e3e49 uppercase elementor-widget__width-auto elementor-align-center elementor-invisible elementor-widget elementor-widget-button\" data-id=\"51e3e49\" data-element_type=\"widget\" data-settings=\"{&quot;_animation&quot;:&quot;fadeInUp&quot;}\" data-widget_type=\"button.default\">\n\t\t\t\t<div class=\"elementor-widget-container\">\n\t\t\t\t\t\t\t\t\t<div class=\"elementor-button-wrapper\">\n\t\t\t\t\t<a class=\"elementor-button elementor-button-link elementor-size-sm\" href=\"#contact\">\n\t\t\t\t\t\t<span class=\"elementor-button-content-wrapper\">\n\t\t\t\t\t\t\t\t\t<span class=\"elementor-button-text\">Subscribe to our Newsletter!<\/span>\n\t\t\t\t\t<\/span>\n\t\t\t\t\t<\/a>\n\t\t\t\t<\/div>\n\t\t\t\t\t\t\t\t<\/div>\n\t\t\t\t<\/div>\n\t\t\t\t\t<\/div>\n\t\t\t\t<\/div>\n\t\t<div class=\"elementor-element elementor-element-4353a32 e-flex e-con-boxed e-con e-parent\" data-id=\"4353a32\" data-element_type=\"container\" data-settings=\"{&quot;jet_parallax_layout_list&quot;:[]}\">\n\t\t\t\t\t<div class=\"e-con-inner\">\n\t\t\t\t\t<\/div>\n\t\t\t\t<\/div>\n\t\t\t\t<\/div>\n\t\t","protected":false},"excerpt":{"rendered":"<p>A resounding success for our creative workshops! The rental offices of Lib Hymus and Lib Mont-Saint-Hilaire came alive with the magic of the holiday spirit, thanks to R\u00e9gine Apollon, interior designer and owner of the Kam\u00e9l\u00e9on atelier boutique.\u00a0The video montage we\u2019re sharing comes from the Mont-Saint-Hilaire workshop, where creativity and enthusiasm were in full swing.\u00a0The [&hellip;]<\/p>\n","protected":false},"author":8,"featured_media":6427,"comment_status":"closed","ping_status":"closed","sticky":false,"template":"","format":"standard","meta":{"_acf_changed":true,"footnotes":""},"categories":[36],"tags":[79,99],"class_list":["post-6422","post","type-post","status-publish","format-standard","has-post-thumbnail","hentry","category-video-en","tag-hymus-en","tag-mont-saint-hilaire-en"],"acf":[],"yoast_head":"<!-- This site is optimized with the Yoast SEO plugin v25.8 - https:\/\/yoast.com\/wordpress\/plugins\/seo\/ -->\n<title>A look back in images at The Holiday table event - Lib<\/title>\n<meta name=\"robots\" content=\"index, follow, max-snippet:-1, max-image-preview:large, max-video-preview:-1\" \/>\n<link rel=\"canonical\" href=\"https:\/\/lelib.ca\/en\/a-look-back-in-images-at-the-holiday-table-event\/\" \/>\n<meta property=\"og:locale\" content=\"en_US\" \/>\n<meta property=\"og:type\" content=\"article\" \/>\n<meta property=\"og:title\" content=\"A look back in images at The Holiday table event - Lib\" \/>\n<meta property=\"og:description\" content=\"A resounding success for our creative workshops! The rental offices of Lib Hymus and Lib Mont-Saint-Hilaire came alive with the magic of the holiday spirit, thanks to R\u00e9gine Apollon, interior designer and owner of the Kam\u00e9l\u00e9on atelier boutique.\u00a0The video montage we\u2019re sharing comes from the Mont-Saint-Hilaire workshop, where creativity and enthusiasm were in full swing.\u00a0The [&hellip;]\" \/>\n<meta property=\"og:url\" content=\"https:\/\/lelib.ca\/en\/a-look-back-in-images-at-the-holiday-table-event\/\" \/>\n<meta property=\"og:site_name\" content=\"Lib\" \/>\n<meta property=\"article:published_time\" content=\"2025-12-02T15:00:58+00:00\" \/>\n<meta property=\"article:modified_time\" content=\"2026-03-13T17:30:04+00:00\" \/>\n<meta property=\"og:image\" content=\"https:\/\/lelib.ca\/wp-content\/uploads\/2025\/12\/TableeFete-Landing-EN.jpg\" \/>\n\t<meta property=\"og:image:width\" content=\"2500\" \/>\n\t<meta property=\"og:image:height\" content=\"1000\" \/>\n\t<meta property=\"og:image:type\" content=\"image\/jpeg\" \/>\n<meta name=\"author\" content=\"Ad\u00e8le Deforge-Lenoir\" \/>\n<meta name=\"twitter:card\" content=\"summary_large_image\" \/>\n<meta name=\"twitter:label1\" content=\"Written by\" \/>\n\t<meta name=\"twitter:data1\" content=\"Ad\u00e8le Deforge-Lenoir\" \/>\n\t<meta name=\"twitter:label2\" content=\"Est. reading time\" \/>\n\t<meta name=\"twitter:data2\" content=\"1 minute\" \/>\n<script type=\"application\/ld+json\" class=\"yoast-schema-graph\">{\"@context\":\"https:\/\/schema.org\",\"@graph\":[{\"@type\":\"Article\",\"@id\":\"https:\/\/lelib.ca\/en\/a-look-back-in-images-at-the-holiday-table-event\/#article\",\"isPartOf\":{\"@id\":\"https:\/\/lelib.ca\/en\/a-look-back-in-images-at-the-holiday-table-event\/\"},\"author\":{\"name\":\"Ad\u00e8le Deforge-Lenoir\",\"@id\":\"https:\/\/lelib.ca\/en\/#\/schema\/person\/0a1d2111bc4c773354fd4364ff5631d4\"},\"headline\":\"A look back in images at The Holiday table event\",\"datePublished\":\"2025-12-02T15:00:58+00:00\",\"dateModified\":\"2026-03-13T17:30:04+00:00\",\"mainEntityOfPage\":{\"@id\":\"https:\/\/lelib.ca\/en\/a-look-back-in-images-at-the-holiday-table-event\/\"},\"wordCount\":126,\"publisher\":{\"@id\":\"https:\/\/lelib.ca\/en\/#organization\"},\"image\":{\"@id\":\"https:\/\/lelib.ca\/en\/a-look-back-in-images-at-the-holiday-table-event\/#primaryimage\"},\"thumbnailUrl\":\"https:\/\/lelib.ca\/wp-content\/uploads\/2025\/12\/TableeFete-Landing-EN.jpg\",\"keywords\":[\"Hymus\",\"Mont-Saint-Hilaire\"],\"articleSection\":[\"Video\"],\"inLanguage\":\"en-CA\"},{\"@type\":\"WebPage\",\"@id\":\"https:\/\/lelib.ca\/en\/a-look-back-in-images-at-the-holiday-table-event\/\",\"url\":\"https:\/\/lelib.ca\/en\/a-look-back-in-images-at-the-holiday-table-event\/\",\"name\":\"A look back in images at The Holiday table event - Lib\",\"isPartOf\":{\"@id\":\"https:\/\/lelib.ca\/en\/#website\"},\"primaryImageOfPage\":{\"@id\":\"https:\/\/lelib.ca\/en\/a-look-back-in-images-at-the-holiday-table-event\/#primaryimage\"},\"image\":{\"@id\":\"https:\/\/lelib.ca\/en\/a-look-back-in-images-at-the-holiday-table-event\/#primaryimage\"},\"thumbnailUrl\":\"https:\/\/lelib.ca\/wp-content\/uploads\/2025\/12\/TableeFete-Landing-EN.jpg\",\"datePublished\":\"2025-12-02T15:00:58+00:00\",\"dateModified\":\"2026-03-13T17:30:04+00:00\",\"breadcrumb\":{\"@id\":\"https:\/\/lelib.ca\/en\/a-look-back-in-images-at-the-holiday-table-event\/#breadcrumb\"},\"inLanguage\":\"en-CA\",\"potentialAction\":[{\"@type\":\"ReadAction\",\"target\":[\"https:\/\/lelib.ca\/en\/a-look-back-in-images-at-the-holiday-table-event\/\"]}]},{\"@type\":\"ImageObject\",\"inLanguage\":\"en-CA\",\"@id\":\"https:\/\/lelib.ca\/en\/a-look-back-in-images-at-the-holiday-table-event\/#primaryimage\",\"url\":\"https:\/\/lelib.ca\/wp-content\/uploads\/2025\/12\/TableeFete-Landing-EN.jpg\",\"contentUrl\":\"https:\/\/lelib.ca\/wp-content\/uploads\/2025\/12\/TableeFete-Landing-EN.jpg\",\"width\":2500,\"height\":1000},{\"@type\":\"BreadcrumbList\",\"@id\":\"https:\/\/lelib.ca\/en\/a-look-back-in-images-at-the-holiday-table-event\/#breadcrumb\",\"itemListElement\":[{\"@type\":\"ListItem\",\"position\":1,\"name\":\"Accueil\",\"item\":\"https:\/\/lelib.ca\/en\/\"},{\"@type\":\"ListItem\",\"position\":2,\"name\":\"A look back in images at The Holiday table event\"}]},{\"@type\":\"WebSite\",\"@id\":\"https:\/\/lelib.ca\/en\/#website\",\"url\":\"https:\/\/lelib.ca\/en\/\",\"name\":\"Lib\",\"description\":\"\",\"publisher\":{\"@id\":\"https:\/\/lelib.ca\/en\/#organization\"},\"potentialAction\":[{\"@type\":\"SearchAction\",\"target\":{\"@type\":\"EntryPoint\",\"urlTemplate\":\"https:\/\/lelib.ca\/en\/?s={search_term_string}\"},\"query-input\":{\"@type\":\"PropertyValueSpecification\",\"valueRequired\":true,\"valueName\":\"search_term_string\"}}],\"inLanguage\":\"en-CA\"},{\"@type\":\"Organization\",\"@id\":\"https:\/\/lelib.ca\/en\/#organization\",\"name\":\"Lib\",\"url\":\"https:\/\/lelib.ca\/en\/\",\"logo\":{\"@type\":\"ImageObject\",\"inLanguage\":\"en-CA\",\"@id\":\"https:\/\/lelib.ca\/en\/#\/schema\/logo\/image\/\",\"url\":\"https:\/\/lelib.ca\/wp-content\/uploads\/2022\/07\/logo-lib.png\",\"contentUrl\":\"https:\/\/lelib.ca\/wp-content\/uploads\/2022\/07\/logo-lib.png\",\"width\":155,\"height\":64,\"caption\":\"Lib\"},\"image\":{\"@id\":\"https:\/\/lelib.ca\/en\/#\/schema\/logo\/image\/\"}},{\"@type\":\"Person\",\"@id\":\"https:\/\/lelib.ca\/en\/#\/schema\/person\/0a1d2111bc4c773354fd4364ff5631d4\",\"name\":\"Ad\u00e8le Deforge-Lenoir\",\"image\":{\"@type\":\"ImageObject\",\"inLanguage\":\"en-CA\",\"@id\":\"https:\/\/lelib.ca\/en\/#\/schema\/person\/image\/\",\"url\":\"https:\/\/secure.gravatar.com\/avatar\/bc48dc3064fb567bdbe781cb535701b0200b645114034414472daf24386adb9b?s=96&d=mm&r=g\",\"contentUrl\":\"https:\/\/secure.gravatar.com\/avatar\/bc48dc3064fb567bdbe781cb535701b0200b645114034414472daf24386adb9b?s=96&d=mm&r=g\",\"caption\":\"Ad\u00e8le Deforge-Lenoir\"}}]}<\/script>\n<!-- \/ Yoast SEO plugin. -->","yoast_head_json":{"title":"A look back in images at The Holiday table event - Lib","robots":{"index":"index","follow":"follow","max-snippet":"max-snippet:-1","max-image-preview":"max-image-preview:large","max-video-preview":"max-video-preview:-1"},"canonical":"https:\/\/lelib.ca\/en\/a-look-back-in-images-at-the-holiday-table-event\/","og_locale":"en_US","og_type":"article","og_title":"A look back in images at The Holiday table event - Lib","og_description":"A resounding success for our creative workshops! The rental offices of Lib Hymus and Lib Mont-Saint-Hilaire came alive with the magic of the holiday spirit, thanks to R\u00e9gine Apollon, interior designer and owner of the Kam\u00e9l\u00e9on atelier boutique.\u00a0The video montage we\u2019re sharing comes from the Mont-Saint-Hilaire workshop, where creativity and enthusiasm were in full swing.\u00a0The [&hellip;]","og_url":"https:\/\/lelib.ca\/en\/a-look-back-in-images-at-the-holiday-table-event\/","og_site_name":"Lib","article_published_time":"2025-12-02T15:00:58+00:00","article_modified_time":"2026-03-13T17:30:04+00:00","og_image":[{"width":2500,"height":1000,"url":"https:\/\/lelib.ca\/wp-content\/uploads\/2025\/12\/TableeFete-Landing-EN.jpg","type":"image\/jpeg"}],"author":"Ad\u00e8le Deforge-Lenoir","twitter_card":"summary_large_image","twitter_misc":{"Written by":"Ad\u00e8le Deforge-Lenoir","Est. reading time":"1 minute"},"schema":{"@context":"https:\/\/schema.org","@graph":[{"@type":"Article","@id":"https:\/\/lelib.ca\/en\/a-look-back-in-images-at-the-holiday-table-event\/#article","isPartOf":{"@id":"https:\/\/lelib.ca\/en\/a-look-back-in-images-at-the-holiday-table-event\/"},"author":{"name":"Ad\u00e8le Deforge-Lenoir","@id":"https:\/\/lelib.ca\/en\/#\/schema\/person\/0a1d2111bc4c773354fd4364ff5631d4"},"headline":"A look back in images at The Holiday table event","datePublished":"2025-12-02T15:00:58+00:00","dateModified":"2026-03-13T17:30:04+00:00","mainEntityOfPage":{"@id":"https:\/\/lelib.ca\/en\/a-look-back-in-images-at-the-holiday-table-event\/"},"wordCount":126,"publisher":{"@id":"https:\/\/lelib.ca\/en\/#organization"},"image":{"@id":"https:\/\/lelib.ca\/en\/a-look-back-in-images-at-the-holiday-table-event\/#primaryimage"},"thumbnailUrl":"https:\/\/lelib.ca\/wp-content\/uploads\/2025\/12\/TableeFete-Landing-EN.jpg","keywords":["Hymus","Mont-Saint-Hilaire"],"articleSection":["Video"],"inLanguage":"en-CA"},{"@type":"WebPage","@id":"https:\/\/lelib.ca\/en\/a-look-back-in-images-at-the-holiday-table-event\/","url":"https:\/\/lelib.ca\/en\/a-look-back-in-images-at-the-holiday-table-event\/","name":"A look back in images at The Holiday table event - Lib","isPartOf":{"@id":"https:\/\/lelib.ca\/en\/#website"},"primaryImageOfPage":{"@id":"https:\/\/lelib.ca\/en\/a-look-back-in-images-at-the-holiday-table-event\/#primaryimage"},"image":{"@id":"https:\/\/lelib.ca\/en\/a-look-back-in-images-at-the-holiday-table-event\/#primaryimage"},"thumbnailUrl":"https:\/\/lelib.ca\/wp-content\/uploads\/2025\/12\/TableeFete-Landing-EN.jpg","datePublished":"2025-12-02T15:00:58+00:00","dateModified":"2026-03-13T17:30:04+00:00","breadcrumb":{"@id":"https:\/\/lelib.ca\/en\/a-look-back-in-images-at-the-holiday-table-event\/#breadcrumb"},"inLanguage":"en-CA","potentialAction":[{"@type":"ReadAction","target":["https:\/\/lelib.ca\/en\/a-look-back-in-images-at-the-holiday-table-event\/"]}]},{"@type":"ImageObject","inLanguage":"en-CA","@id":"https:\/\/lelib.ca\/en\/a-look-back-in-images-at-the-holiday-table-event\/#primaryimage","url":"https:\/\/lelib.ca\/wp-content\/uploads\/2025\/12\/TableeFete-Landing-EN.jpg","contentUrl":"https:\/\/lelib.ca\/wp-content\/uploads\/2025\/12\/TableeFete-Landing-EN.jpg","width":2500,"height":1000},{"@type":"BreadcrumbList","@id":"https:\/\/lelib.ca\/en\/a-look-back-in-images-at-the-holiday-table-event\/#breadcrumb","itemListElement":[{"@type":"ListItem","position":1,"name":"Accueil","item":"https:\/\/lelib.ca\/en\/"},{"@type":"ListItem","position":2,"name":"A look back in images at The Holiday table event"}]},{"@type":"WebSite","@id":"https:\/\/lelib.ca\/en\/#website","url":"https:\/\/lelib.ca\/en\/","name":"Lib","description":"","publisher":{"@id":"https:\/\/lelib.ca\/en\/#organization"},"potentialAction":[{"@type":"SearchAction","target":{"@type":"EntryPoint","urlTemplate":"https:\/\/lelib.ca\/en\/?s={search_term_string}"},"query-input":{"@type":"PropertyValueSpecification","valueRequired":true,"valueName":"search_term_string"}}],"inLanguage":"en-CA"},{"@type":"Organization","@id":"https:\/\/lelib.ca\/en\/#organization","name":"Lib","url":"https:\/\/lelib.ca\/en\/","logo":{"@type":"ImageObject","inLanguage":"en-CA","@id":"https:\/\/lelib.ca\/en\/#\/schema\/logo\/image\/","url":"https:\/\/lelib.ca\/wp-content\/uploads\/2022\/07\/logo-lib.png","contentUrl":"https:\/\/lelib.ca\/wp-content\/uploads\/2022\/07\/logo-lib.png","width":155,"height":64,"caption":"Lib"},"image":{"@id":"https:\/\/lelib.ca\/en\/#\/schema\/logo\/image\/"}},{"@type":"Person","@id":"https:\/\/lelib.ca\/en\/#\/schema\/person\/0a1d2111bc4c773354fd4364ff5631d4","name":"Ad\u00e8le Deforge-Lenoir","image":{"@type":"ImageObject","inLanguage":"en-CA","@id":"https:\/\/lelib.ca\/en\/#\/schema\/person\/image\/","url":"https:\/\/secure.gravatar.com\/avatar\/bc48dc3064fb567bdbe781cb535701b0200b645114034414472daf24386adb9b?s=96&d=mm&r=g","contentUrl":"https:\/\/secure.gravatar.com\/avatar\/bc48dc3064fb567bdbe781cb535701b0200b645114034414472daf24386adb9b?s=96&d=mm&r=g","caption":"Ad\u00e8le Deforge-Lenoir"}}]}},"_links":{"self":[{"href":"https:\/\/lelib.ca\/en\/wp-json\/wp\/v2\/posts\/6422","targetHints":{"allow":["GET"]}}],"collection":[{"href":"https:\/\/lelib.ca\/en\/wp-json\/wp\/v2\/posts"}],"about":[{"href":"https:\/\/lelib.ca\/en\/wp-json\/wp\/v2\/types\/post"}],"author":[{"embeddable":true,"href":"https:\/\/lelib.ca\/en\/wp-json\/wp\/v2\/users\/8"}],"replies":[{"embeddable":true,"href":"https:\/\/lelib.ca\/en\/wp-json\/wp\/v2\/comments?post=6422"}],"version-history":[{"count":0,"href":"https:\/\/lelib.ca\/en\/wp-json\/wp\/v2\/posts\/6422\/revisions"}],"wp:featuredmedia":[{"embeddable":true,"href":"https:\/\/lelib.ca\/en\/wp-json\/wp\/v2\/media\/6427"}],"wp:attachment":[{"href":"https:\/\/lelib.ca\/en\/wp-json\/wp\/v2\/media?parent=6422"}],"wp:term":[{"taxonomy":"category","embeddable":true,"href":"https:\/\/lelib.ca\/en\/wp-json\/wp\/v2\/categories?post=6422"},{"taxonomy":"post_tag","embeddable":true,"href":"https:\/\/lelib.ca\/en\/wp-json\/wp\/v2\/tags?post=6422"}],"curies":[{"name":"wp","href":"https:\/\/api.w.org\/{rel}","templated":true}]}}